{"id":8705,"date":"2025-08-05T16:12:56","date_gmt":"2025-08-05T14:12:56","guid":{"rendered":"https:\/\/www.idea-optical.com\/sifer-2025-idea-optical-showcases-its-optical-connectivity-solutions-for-the-railway-industry\/"},"modified":"2025-12-11T16:19:26","modified_gmt":"2025-12-11T15:19:26","slug":"sifer-2025-idea-optical-showcases-its-optical-connectivity-solutions-for-the-railway-industry","status":"publish","type":"post","link":"https:\/\/www.idea-optical.com\/en\/sifer-2025-idea-optical-showcases-its-optical-connectivity-solutions-for-the-railway-industry\/","title":{"rendered":"SIFER 2025: Idea Optical showcases its optical connectivity solutions for the railway industry"},"content":{"rendered":"\n<p>Idea Optical presented its customised optical connectivity solutions for railway infrastructure at the SIFER 2025 trade fair. This first participation was marked by numerous meetings and project opportunities.<\/p>\n\n<h4 class=\"wp-block-heading\">A remarkable first participation at SIFER<\/h4>\n\n<p>From 24 to 26 June 2025, Idea Optical participated in the 14th edition of the <strong><a href=\"https:\/\/www.sifer-expo.com\/en-gb.html\">International Railway Industry Exhibition (SIFER)<\/a><\/strong> at Lille Grand Palais. This leading event brought together more than 400 exhibitors and several thousand professionals from the railway ecosystem, who came to discover the latest innovations in the sector.<\/p>\n\n<h4 class=\"wp-block-heading\">Optical solutions adapted to railway environments<\/h4>\n\n<p>At its stand, Idea Optical showcased <strong>its expertise in optical and optoelectronic connectivity<\/strong>, with products designed to meet the specific requirements of railway infrastructure.<\/p>\n\n<p>Visitors were able to discover:<\/p>\n\n<ul class=\"wp-block-list\">\n<li>the <strong>iGATE<\/strong> range: <strong>robust metal boxes<\/strong> for outdoor use or technical stations,<\/li>\n\n\n\n<li>the <strong><a href=\"https:\/\/www.idea-optical.com\/en\/produit\/icop-af-er-r\/\">iCOP<\/a><\/strong> range: lightweight <strong>polycarbonate boxes<\/strong> resistant to extreme conditions,<br\/><\/li>\n\n\n\n<li>the <strong><a href=\"https:\/\/www.idea-optical.com\/en\/our-products\/search-results\/?mots-cles=icove&amp;num-page=1\">iCOVE<\/a><\/strong> range: compact and secure <strong>optoelectronic boxes<\/strong> for outdoor installations,<br\/><\/li>\n\n\n\n<li>the <a href=\"https:\/\/www.idea-optical.com\/en\/our-products\/search-results\/?mots-cles=icol&amp;num-page=1\"><strong>iCOL<\/strong><\/a> range: robust, waterproof (IP65) aluminium optical\/power connection boxes for demanding environments,<br\/><\/li>\n\n\n\n<li><strong>customised solutions<\/strong> incorporating fibre optics and\/or active components.<\/li>\n<\/ul>\n\n<p>Manufactured in France, this equipment meets the railway sector&#8217;s expectations in terms of <strong>safety, performance and maintainability<\/strong>.<\/p>\n\n<h4 class=\"wp-block-heading\">A joint exhibition with <\/h4>\n\n<p>Idea Optical co-exhibited with <strong><a href=\"https:\/\/www.acome.com\/fr\/produits\/ferroviaire\">ACOME<\/a><\/strong>, its long-standing partner for <strong>railway signalling and telecommunications cables<\/strong>, thereby reinforcing the complementary nature of the offering to players in the sector.<\/p>\n\n<h4 class=\"wp-block-heading\">A very positive outcome<\/h4>\n\n<p>This first participation in SIFER provided an opportunity for numerous constructive exchanges with decision-makers, specifiers and technical partners in the railway sector. Idea Optical is fully committed to supporting them in their connectivity and infrastructure security projects.<\/p>\n\n<div style=\"height:80px\" aria-hidden=\"true\" class=\"wp-block-spacer\"><\/div>\n\n<p>Pour en savoir plus sur nos solutions de connectivit\u00e9 optique pour le secteur ferroviaire, n\u2019h\u00e9sitez pas \u00e0 nous contacter via notre <a href=\"https:\/\/www.idea-optical.com\/en\/contact\/#nous-contacter\">formulaire de contact<\/a> ou \u00e0 \u00e9crire \u00e0 l\u2019adresse : <a>contact@idea-optical.com<\/a>.<br\/>To find out more about our optical connectivity solutions for the railway sector, please contact us via our <a href=\"https:\/\/www.idea-optical.com\/en\/contact\/#nous-contacter\">contact form<\/a> or write to us at: contact@idea-optical.com.<\/p>\n\n<p><\/p>\n","protected":false},"excerpt":{"rendered":"<p>Idea Optical presented its customised optical connectivity solutions for railway infrastructure at the SIFER 2025 trade fair. This first participation was marked by numerous meetings and project opportunities. A remarkable [&hellip;]<\/p>\n","protected":false},"author":1975,"featured_media":8650,"comment_status":"closed","ping_status":"closed","sticky":false,"template":"","format":"standard","meta":{"_acf_changed":false,"footnotes":""},"categories":[40],"tags":[528,526,525,524,521,522,523,527],"class_list":["post-8705","post","type-post","status-publish","format-standard","has-post-thumbnail","hentry","category-news","tag-customized-optical-fibre-solution","tag-icop-idea-optical-en","tag-igate-idea-optical-en","tag-optoelectronic-boxes","tag-railway-industry","tag-railway-optical-connectivity","tag-railway-optical-fibre-box","tag-sifer-show"],"acf":[],"yoast_head":"<!-- This site is optimized with the Yoast SEO plugin v27.2 - https:\/\/yoast.com\/product\/yoast-seo-wordpress\/ -->\n<title>SIFER 2025: Idea Optical showcases its optical connectivity solutions for the railway industry<\/title>\n<meta name=\"description\" content=\"Idea Optical presented its customised optical connectivity solutions for railway infrastructure at the SIFER 2025 trade fair. This first participation was marked by numerous meetings and project opportunities.\" \/>\n<meta name=\"robots\" content=\"index, follow, max-snippet:-1, max-image-preview:large, max-video-preview:-1\" \/>\n<link rel=\"canonical\" href=\"https:\/\/www.idea-optical.com\/en\/sifer-2025-idea-optical-showcases-its-optical-connectivity-solutions-for-the-railway-industry\/\" \/>\n<meta property=\"og:locale\" content=\"en_US\" \/>\n<meta property=\"og:type\" content=\"article\" \/>\n<meta property=\"og:title\" content=\"SIFER 2025: Idea Optical showcases its optical connectivity solutions for the railway industry\" \/>\n<meta property=\"og:description\" content=\"Idea Optical presented its customised optical connectivity solutions for railway infrastructure at the SIFER 2025 trade fair. This first participation was marked by numerous meetings and project opportunities.\" \/>\n<meta property=\"og:url\" content=\"https:\/\/www.idea-optical.com\/en\/sifer-2025-idea-optical-showcases-its-optical-connectivity-solutions-for-the-railway-industry\/\" \/>\n<meta property=\"og:site_name\" content=\"Idea Optical\" \/>\n<meta property=\"article:published_time\" content=\"2025-08-05T14:12:56+00:00\" \/>\n<meta property=\"article:modified_time\" content=\"2025-12-11T15:19:26+00:00\" \/>\n<meta property=\"og:image\" content=\"https:\/\/www.idea-optical.com\/wp-content\/uploads\/2025\/07\/Sifer2025-article.png\" \/>\n\t<meta property=\"og:image:width\" content=\"600\" \/>\n\t<meta property=\"og:image:height\" content=\"400\" \/>\n\t<meta property=\"og:image:type\" content=\"image\/png\" \/>\n<meta name=\"author\" content=\"Clarisse\" \/>\n<meta name=\"twitter:card\" content=\"summary_large_image\" \/>\n<meta name=\"twitter:creator\" content=\"@ideaoptical\" \/>\n<meta name=\"twitter:site\" content=\"@ideaoptical\" \/>\n<meta name=\"twitter:label1\" content=\"Written by\" \/>\n\t<meta name=\"twitter:data1\" content=\"Clarisse\" \/>\n\t<meta name=\"twitter:label2\" content=\"Est. reading time\" \/>\n\t<meta name=\"twitter:data2\" content=\"2 minutes\" \/>\n<script type=\"application\/ld+json\" class=\"yoast-schema-graph\">{\"@context\":\"https:\/\/schema.org\",\"@graph\":[{\"@type\":\"Article\",\"@id\":\"https:\/\/www.idea-optical.com\/en\/sifer-2025-idea-optical-showcases-its-optical-connectivity-solutions-for-the-railway-industry\/#article\",\"isPartOf\":{\"@id\":\"https:\/\/www.idea-optical.com\/en\/sifer-2025-idea-optical-showcases-its-optical-connectivity-solutions-for-the-railway-industry\/\"},\"author\":{\"name\":\"Clarisse\",\"@id\":\"https:\/\/www.idea-optical.com\/#\/schema\/person\/b95ce7a75d0514db847e060af3ce5b04\"},\"headline\":\"SIFER 2025: Idea Optical showcases its optical connectivity solutions for the railway industry\",\"datePublished\":\"2025-08-05T14:12:56+00:00\",\"dateModified\":\"2025-12-11T15:19:26+00:00\",\"mainEntityOfPage\":{\"@id\":\"https:\/\/www.idea-optical.com\/en\/sifer-2025-idea-optical-showcases-its-optical-connectivity-solutions-for-the-railway-industry\/\"},\"wordCount\":333,\"publisher\":{\"@id\":\"https:\/\/www.idea-optical.com\/#organization\"},\"image\":{\"@id\":\"https:\/\/www.idea-optical.com\/en\/sifer-2025-idea-optical-showcases-its-optical-connectivity-solutions-for-the-railway-industry\/#primaryimage\"},\"thumbnailUrl\":\"https:\/\/www.idea-optical.com\/wp-content\/uploads\/2025\/07\/Sifer2025-article.png\",\"keywords\":[\"customized optical fibre solution\",\"iCOP Idea Optical\",\"iGATE Idea Optical\",\"optoelectronic boxes\",\"railway industry\",\"railway optical connectivity\",\"Railway optical fibre box\",\"SIFER show\"],\"articleSection\":[\"News\"],\"inLanguage\":\"en-US\"},{\"@type\":\"WebPage\",\"@id\":\"https:\/\/www.idea-optical.com\/en\/sifer-2025-idea-optical-showcases-its-optical-connectivity-solutions-for-the-railway-industry\/\",\"url\":\"https:\/\/www.idea-optical.com\/en\/sifer-2025-idea-optical-showcases-its-optical-connectivity-solutions-for-the-railway-industry\/\",\"name\":\"SIFER 2025: Idea Optical showcases its optical connectivity solutions for the railway industry\",\"isPartOf\":{\"@id\":\"https:\/\/www.idea-optical.com\/#website\"},\"primaryImageOfPage\":{\"@id\":\"https:\/\/www.idea-optical.com\/en\/sifer-2025-idea-optical-showcases-its-optical-connectivity-solutions-for-the-railway-industry\/#primaryimage\"},\"image\":{\"@id\":\"https:\/\/www.idea-optical.com\/en\/sifer-2025-idea-optical-showcases-its-optical-connectivity-solutions-for-the-railway-industry\/#primaryimage\"},\"thumbnailUrl\":\"https:\/\/www.idea-optical.com\/wp-content\/uploads\/2025\/07\/Sifer2025-article.png\",\"datePublished\":\"2025-08-05T14:12:56+00:00\",\"dateModified\":\"2025-12-11T15:19:26+00:00\",\"description\":\"Idea Optical presented its customised optical connectivity solutions for railway infrastructure at the SIFER 2025 trade fair. This first participation was marked by numerous meetings and project opportunities.\",\"breadcrumb\":{\"@id\":\"https:\/\/www.idea-optical.com\/en\/sifer-2025-idea-optical-showcases-its-optical-connectivity-solutions-for-the-railway-industry\/#breadcrumb\"},\"inLanguage\":\"en-US\",\"potentialAction\":[{\"@type\":\"ReadAction\",\"target\":[\"https:\/\/www.idea-optical.com\/en\/sifer-2025-idea-optical-showcases-its-optical-connectivity-solutions-for-the-railway-industry\/\"]}]},{\"@type\":\"ImageObject\",\"inLanguage\":\"en-US\",\"@id\":\"https:\/\/www.idea-optical.com\/en\/sifer-2025-idea-optical-showcases-its-optical-connectivity-solutions-for-the-railway-industry\/#primaryimage\",\"url\":\"https:\/\/www.idea-optical.com\/wp-content\/uploads\/2025\/07\/Sifer2025-article.png\",\"contentUrl\":\"https:\/\/www.idea-optical.com\/wp-content\/uploads\/2025\/07\/Sifer2025-article.png\",\"width\":600,\"height\":400,\"caption\":\"Idea Optical expose ses solutions de connectivit\u00e9 ferroviaire au salon SIFER 2025\"},{\"@type\":\"BreadcrumbList\",\"@id\":\"https:\/\/www.idea-optical.com\/en\/sifer-2025-idea-optical-showcases-its-optical-connectivity-solutions-for-the-railway-industry\/#breadcrumb\",\"itemListElement\":[{\"@type\":\"ListItem\",\"position\":1,\"name\":\"Accueil\",\"item\":\"https:\/\/www.idea-optical.com\/en\/\"},{\"@type\":\"ListItem\",\"position\":2,\"name\":\"SIFER 2025: Idea Optical showcases its optical connectivity solutions for the railway industry\"}]},{\"@type\":\"WebSite\",\"@id\":\"https:\/\/www.idea-optical.com\/#website\",\"url\":\"https:\/\/www.idea-optical.com\/\",\"name\":\"Idea Optical\",\"description\":\"\",\"publisher\":{\"@id\":\"https:\/\/www.idea-optical.com\/#organization\"},\"potentialAction\":[{\"@type\":\"SearchAction\",\"target\":{\"@type\":\"EntryPoint\",\"urlTemplate\":\"https:\/\/www.idea-optical.com\/?s={search_term_string}\"},\"query-input\":{\"@type\":\"PropertyValueSpecification\",\"valueRequired\":true,\"valueName\":\"search_term_string\"}}],\"inLanguage\":\"en-US\"},{\"@type\":\"Organization\",\"@id\":\"https:\/\/www.idea-optical.com\/#organization\",\"name\":\"Idea Optical\",\"url\":\"https:\/\/www.idea-optical.com\/\",\"logo\":{\"@type\":\"ImageObject\",\"inLanguage\":\"en-US\",\"@id\":\"https:\/\/www.idea-optical.com\/#\/schema\/logo\/image\/\",\"url\":\"https:\/\/www.idea-optical.com\/wp-content\/uploads\/2019\/12\/IDEAOPTICAL-RVB-sm.png\",\"contentUrl\":\"https:\/\/www.idea-optical.com\/wp-content\/uploads\/2019\/12\/IDEAOPTICAL-RVB-sm.png\",\"width\":720,\"height\":208,\"caption\":\"Idea Optical\"},\"image\":{\"@id\":\"https:\/\/www.idea-optical.com\/#\/schema\/logo\/image\/\"},\"sameAs\":[\"https:\/\/x.com\/ideaoptical\"]},{\"@type\":\"Person\",\"@id\":\"https:\/\/www.idea-optical.com\/#\/schema\/person\/b95ce7a75d0514db847e060af3ce5b04\",\"name\":\"Clarisse\",\"image\":{\"@type\":\"ImageObject\",\"inLanguage\":\"en-US\",\"@id\":\"https:\/\/secure.gravatar.com\/avatar\/21d7e12953d4448321a96edd8344782c9f6b07d44a44ac91669b6d891b30a2c6?s=96&d=mm&r=g\",\"url\":\"https:\/\/secure.gravatar.com\/avatar\/21d7e12953d4448321a96edd8344782c9f6b07d44a44ac91669b6d891b30a2c6?s=96&d=mm&r=g\",\"contentUrl\":\"https:\/\/secure.gravatar.com\/avatar\/21d7e12953d4448321a96edd8344782c9f6b07d44a44ac91669b6d891b30a2c6?s=96&d=mm&r=g\",\"caption\":\"Clarisse\"},\"url\":\"https:\/\/www.idea-optical.com\/en\/author\/clarisse\/\"}]}<\/script>\n<!-- \/ Yoast SEO plugin. -->","yoast_head_json":{"title":"SIFER 2025: Idea Optical showcases its optical connectivity solutions for the railway industry","description":"Idea Optical presented its customised optical connectivity solutions for railway infrastructure at the SIFER 2025 trade fair. This first participation was marked by numerous meetings and project opportunities.","robots":{"index":"index","follow":"follow","max-snippet":"max-snippet:-1","max-image-preview":"max-image-preview:large","max-video-preview":"max-video-preview:-1"},"canonical":"https:\/\/www.idea-optical.com\/en\/sifer-2025-idea-optical-showcases-its-optical-connectivity-solutions-for-the-railway-industry\/","og_locale":"en_US","og_type":"article","og_title":"SIFER 2025: Idea Optical showcases its optical connectivity solutions for the railway industry","og_description":"Idea Optical presented its customised optical connectivity solutions for railway infrastructure at the SIFER 2025 trade fair. This first participation was marked by numerous meetings and project opportunities.","og_url":"https:\/\/www.idea-optical.com\/en\/sifer-2025-idea-optical-showcases-its-optical-connectivity-solutions-for-the-railway-industry\/","og_site_name":"Idea Optical","article_published_time":"2025-08-05T14:12:56+00:00","article_modified_time":"2025-12-11T15:19:26+00:00","og_image":[{"width":600,"height":400,"url":"https:\/\/www.idea-optical.com\/wp-content\/uploads\/2025\/07\/Sifer2025-article.png","type":"image\/png"}],"author":"Clarisse","twitter_card":"summary_large_image","twitter_creator":"@ideaoptical","twitter_site":"@ideaoptical","twitter_misc":{"Written by":"Clarisse","Est. reading time":"2 minutes"},"schema":{"@context":"https:\/\/schema.org","@graph":[{"@type":"Article","@id":"https:\/\/www.idea-optical.com\/en\/sifer-2025-idea-optical-showcases-its-optical-connectivity-solutions-for-the-railway-industry\/#article","isPartOf":{"@id":"https:\/\/www.idea-optical.com\/en\/sifer-2025-idea-optical-showcases-its-optical-connectivity-solutions-for-the-railway-industry\/"},"author":{"name":"Clarisse","@id":"https:\/\/www.idea-optical.com\/#\/schema\/person\/b95ce7a75d0514db847e060af3ce5b04"},"headline":"SIFER 2025: Idea Optical showcases its optical connectivity solutions for the railway industry","datePublished":"2025-08-05T14:12:56+00:00","dateModified":"2025-12-11T15:19:26+00:00","mainEntityOfPage":{"@id":"https:\/\/www.idea-optical.com\/en\/sifer-2025-idea-optical-showcases-its-optical-connectivity-solutions-for-the-railway-industry\/"},"wordCount":333,"publisher":{"@id":"https:\/\/www.idea-optical.com\/#organization"},"image":{"@id":"https:\/\/www.idea-optical.com\/en\/sifer-2025-idea-optical-showcases-its-optical-connectivity-solutions-for-the-railway-industry\/#primaryimage"},"thumbnailUrl":"https:\/\/www.idea-optical.com\/wp-content\/uploads\/2025\/07\/Sifer2025-article.png","keywords":["customized optical fibre solution","iCOP Idea Optical","iGATE Idea Optical","optoelectronic boxes","railway industry","railway optical connectivity","Railway optical fibre box","SIFER show"],"articleSection":["News"],"inLanguage":"en-US"},{"@type":"WebPage","@id":"https:\/\/www.idea-optical.com\/en\/sifer-2025-idea-optical-showcases-its-optical-connectivity-solutions-for-the-railway-industry\/","url":"https:\/\/www.idea-optical.com\/en\/sifer-2025-idea-optical-showcases-its-optical-connectivity-solutions-for-the-railway-industry\/","name":"SIFER 2025: Idea Optical showcases its optical connectivity solutions for the railway industry","isPartOf":{"@id":"https:\/\/www.idea-optical.com\/#website"},"primaryImageOfPage":{"@id":"https:\/\/www.idea-optical.com\/en\/sifer-2025-idea-optical-showcases-its-optical-connectivity-solutions-for-the-railway-industry\/#primaryimage"},"image":{"@id":"https:\/\/www.idea-optical.com\/en\/sifer-2025-idea-optical-showcases-its-optical-connectivity-solutions-for-the-railway-industry\/#primaryimage"},"thumbnailUrl":"https:\/\/www.idea-optical.com\/wp-content\/uploads\/2025\/07\/Sifer2025-article.png","datePublished":"2025-08-05T14:12:56+00:00","dateModified":"2025-12-11T15:19:26+00:00","description":"Idea Optical presented its customised optical connectivity solutions for railway infrastructure at the SIFER 2025 trade fair. This first participation was marked by numerous meetings and project opportunities.","breadcrumb":{"@id":"https:\/\/www.idea-optical.com\/en\/sifer-2025-idea-optical-showcases-its-optical-connectivity-solutions-for-the-railway-industry\/#breadcrumb"},"inLanguage":"en-US","potentialAction":[{"@type":"ReadAction","target":["https:\/\/www.idea-optical.com\/en\/sifer-2025-idea-optical-showcases-its-optical-connectivity-solutions-for-the-railway-industry\/"]}]},{"@type":"ImageObject","inLanguage":"en-US","@id":"https:\/\/www.idea-optical.com\/en\/sifer-2025-idea-optical-showcases-its-optical-connectivity-solutions-for-the-railway-industry\/#primaryimage","url":"https:\/\/www.idea-optical.com\/wp-content\/uploads\/2025\/07\/Sifer2025-article.png","contentUrl":"https:\/\/www.idea-optical.com\/wp-content\/uploads\/2025\/07\/Sifer2025-article.png","width":600,"height":400,"caption":"Idea Optical expose ses solutions de connectivit\u00e9 ferroviaire au salon SIFER 2025"},{"@type":"BreadcrumbList","@id":"https:\/\/www.idea-optical.com\/en\/sifer-2025-idea-optical-showcases-its-optical-connectivity-solutions-for-the-railway-industry\/#breadcrumb","itemListElement":[{"@type":"ListItem","position":1,"name":"Accueil","item":"https:\/\/www.idea-optical.com\/en\/"},{"@type":"ListItem","position":2,"name":"SIFER 2025: Idea Optical showcases its optical connectivity solutions for the railway industry"}]},{"@type":"WebSite","@id":"https:\/\/www.idea-optical.com\/#website","url":"https:\/\/www.idea-optical.com\/","name":"Idea Optical","description":"","publisher":{"@id":"https:\/\/www.idea-optical.com\/#organization"},"potentialAction":[{"@type":"SearchAction","target":{"@type":"EntryPoint","urlTemplate":"https:\/\/www.idea-optical.com\/?s={search_term_string}"},"query-input":{"@type":"PropertyValueSpecification","valueRequired":true,"valueName":"search_term_string"}}],"inLanguage":"en-US"},{"@type":"Organization","@id":"https:\/\/www.idea-optical.com\/#organization","name":"Idea Optical","url":"https:\/\/www.idea-optical.com\/","logo":{"@type":"ImageObject","inLanguage":"en-US","@id":"https:\/\/www.idea-optical.com\/#\/schema\/logo\/image\/","url":"https:\/\/www.idea-optical.com\/wp-content\/uploads\/2019\/12\/IDEAOPTICAL-RVB-sm.png","contentUrl":"https:\/\/www.idea-optical.com\/wp-content\/uploads\/2019\/12\/IDEAOPTICAL-RVB-sm.png","width":720,"height":208,"caption":"Idea Optical"},"image":{"@id":"https:\/\/www.idea-optical.com\/#\/schema\/logo\/image\/"},"sameAs":["https:\/\/x.com\/ideaoptical"]},{"@type":"Person","@id":"https:\/\/www.idea-optical.com\/#\/schema\/person\/b95ce7a75d0514db847e060af3ce5b04","name":"Clarisse","image":{"@type":"ImageObject","inLanguage":"en-US","@id":"https:\/\/secure.gravatar.com\/avatar\/21d7e12953d4448321a96edd8344782c9f6b07d44a44ac91669b6d891b30a2c6?s=96&d=mm&r=g","url":"https:\/\/secure.gravatar.com\/avatar\/21d7e12953d4448321a96edd8344782c9f6b07d44a44ac91669b6d891b30a2c6?s=96&d=mm&r=g","contentUrl":"https:\/\/secure.gravatar.com\/avatar\/21d7e12953d4448321a96edd8344782c9f6b07d44a44ac91669b6d891b30a2c6?s=96&d=mm&r=g","caption":"Clarisse"},"url":"https:\/\/www.idea-optical.com\/en\/author\/clarisse\/"}]}},"_links":{"self":[{"href":"https:\/\/www.idea-optical.com\/en\/wp-json\/wp\/v2\/posts\/8705","targetHints":{"allow":["GET"]}}],"collection":[{"href":"https:\/\/www.idea-optical.com\/en\/wp-json\/wp\/v2\/posts"}],"about":[{"href":"https:\/\/www.idea-optical.com\/en\/wp-json\/wp\/v2\/types\/post"}],"author":[{"embeddable":true,"href":"https:\/\/www.idea-optical.com\/en\/wp-json\/wp\/v2\/users\/1975"}],"replies":[{"embeddable":true,"href":"https:\/\/www.idea-optical.com\/en\/wp-json\/wp\/v2\/comments?post=8705"}],"version-history":[{"count":6,"href":"https:\/\/www.idea-optical.com\/en\/wp-json\/wp\/v2\/posts\/8705\/revisions"}],"predecessor-version":[{"id":9239,"href":"https:\/\/www.idea-optical.com\/en\/wp-json\/wp\/v2\/posts\/8705\/revisions\/9239"}],"wp:featuredmedia":[{"embeddable":true,"href":"https:\/\/www.idea-optical.com\/en\/wp-json\/wp\/v2\/media\/8650"}],"wp:attachment":[{"href":"https:\/\/www.idea-optical.com\/en\/wp-json\/wp\/v2\/media?parent=8705"}],"wp:term":[{"taxonomy":"category","embeddable":true,"href":"https:\/\/www.idea-optical.com\/en\/wp-json\/wp\/v2\/categories?post=8705"},{"taxonomy":"post_tag","embeddable":true,"href":"https:\/\/www.idea-optical.com\/en\/wp-json\/wp\/v2\/tags?post=8705"}],"curies":[{"name":"wp","href":"https:\/\/api.w.org\/{rel}","templated":true}]}}